{"id":171,"date":"2012-11-16T10:25:56","date_gmt":"2012-11-16T10:25:56","guid":{"rendered":"http:\/\/kalb.it\/simone\/?p=171"},"modified":"2015-01-13T12:59:50","modified_gmt":"2015-01-13T11:59:50","slug":"incontri","status":"publish","type":"post","link":"https:\/\/kalb.it\/simone\/2012\/11\/incontri\/","title":{"rendered":"Incontri e appuntamenti che vi siete persi"},"content":{"rendered":"<p>Sono stato a lungo lontano dalla tastiera.<br \/>\nEffettivamente sono stato abbastanza occupato (si dice sempre cos\u00ec ma non \u00e8 mai vero, poca voglia di scrivere). In realt\u00e0 ero in ferie e le ferie sono sacre, come le <a href=\"http:\/\/www.guidaindia.com\/index.php?option=com_content&amp;view=article&amp;id=215&amp;Itemid=64\" target=\"_blank\">vacche in India<\/a>.<\/p>\n<div id=\"attachment_186\" style=\"width: 310px\" class=\"wp-caption alignleft\"><a href=\"http:\/\/kalb.it\/simone\/wp-content\/uploads\/2012\/11\/IMG_3113-e1353059961426.jpg\"><img aria-describedby=\"caption-attachment-186\" loading=\"lazy\" class=\"wp-image-186 size-medium\" title=\"Surf House a Bajamar\" src=\"http:\/\/kalb.it\/simone\/wp-content\/uploads\/2012\/11\/IMG_3113-e1353059961426-300x224.jpg\" alt=\"\" width=\"300\" height=\"224\" srcset=\"https:\/\/kalb.it\/simone\/wp-content\/uploads\/2012\/11\/IMG_3113-e1353059961426-300x224.jpg 300w, https:\/\/kalb.it\/simone\/wp-content\/uploads\/2012\/11\/IMG_3113-e1353059961426-1024x764.jpg 1024w\" sizes=\"(max-width: 300px) 100vw, 300px\" \/><\/a><p id=\"caption-attachment-186\" class=\"wp-caption-text\">Surf House a Bajamar<\/p><\/div>\n<p>Quest&#8217;anno ho deciso di prendermi uno stop tra Ottobre e Novembre. Quando tutti cominciano a mettere il giubbotto, dove sto io anche prima del tempo, decisamente, \u00a0io mi sono messo i bermuda e le ciabatte e sono andato a <a href=\"http:\/\/it.wikipedia.org\/wiki\/Tenerife\" target=\"_blank\">Tenerife<\/a>: una delle isole delle Canarie. Se non sapete dove stanno, ve lo dico io, in mezzo all&#8217;Atlantico e di fronte al Marocco\/Western Sahara.<\/p>\n<p>Clima pauroso. Caldo 22\u00b0\/30\u00b0 tutto l&#8217;anno con la temperatura dell&#8217;acqua anch&#8217;essa in questo range. Onde belle (per surf da onda, logicamente), su roccia e spesso lunghe\/lunghissime (come a <a href=\"http:\/\/www.wannasurf.com\/spot\/Europe\/Canary\/Tenerife\/Bajamar\/\" target=\"_blank\">Bajamar<\/a> nel Nord).<\/p>\n<p><!--more--><\/p>\n<p>Cose positive:<\/p>\n<ul>\n<li>Torni super allenato<\/li>\n<li>Puoi alimentarti come preferisci<\/li>\n<li>Un sacco di tempo libero per riposarti<\/li>\n<li>Vacanza riposante e forte contatto con la natura<\/li>\n<li>Zero tecnologia<\/li>\n<\/ul>\n<div>Cose negative:<\/div>\n<div><\/div>\n<div>\n<ul>\n<li>Pericolo d&#8217;infortuni se poco allenato<\/li>\n<li>Pericolo di eccessivi spostamenti a seconda della swell<\/li>\n<li>Poca\/scarsa vita notturna (sei generalmente troppo stanco)<\/li>\n<\/ul>\n<\/div>\n<div id=\"attachment_187\" style=\"width: 160px\" class=\"wp-caption alignright\"><a href=\"http:\/\/kalb.it\/simone\/wp-content\/uploads\/2012\/11\/IMG_3118-e1353059986747.jpg\"><img aria-describedby=\"caption-attachment-187\" loading=\"lazy\" class=\"size-thumbnail wp-image-187\" title=\"Barrels in Bajamar\" src=\"http:\/\/kalb.it\/simone\/wp-content\/uploads\/2012\/11\/IMG_3118-e1353059986747-150x150.jpg\" alt=\"\" width=\"150\" height=\"150\" \/><\/a><p id=\"caption-attachment-187\" class=\"wp-caption-text\">Barrels in Bajamar<\/p><\/div>\n<p>In realt\u00e0 di cose positive ce ne sono a iosa.<br \/>\nMa ho elencato solo quelle realmente importanti.<\/p>\n<p>Abbandonando i fatti personali che forse non a tutti possono interessare,\u00a0nel frattempo nel mio mondo \u00e8 successo di tutto.<\/p>\n<p>Ottobre e Novembre sono in generale \u00a0due mesi abbastanza prolifici per le conferenze e gl&#8217;incontri di un certo spessore. E io me li sono persi. Anche un po&#8217; volutamente. Avevo bisogno di ricaricare le pile.<\/p>\n<p>\u00c8 difficile andare avanti senza pi\u00f9 carburante. E siccome l&#8217;anno a venire sar\u00e0 pieno di cose da fare e da inventarsi era meglio regalarsi un momento per riorganizzare le idee.<\/p>\n<p>Due o tre cose degne di nota in questo periodo per\u00f2 ve le volevo far notare.<\/p>\n<p><strong>Primo<\/strong>, il <a href=\"http:\/\/www.linuxday.it\" target=\"_blank\">Linux Day<\/a> che anche quest&#8217;anno s&#8217;\u00e8 svolto tra gli altri anche a Cagliari.<br \/>\nBene, bravi. Ottimo lavoro a quanto mi dicono.<\/p>\n<p>Tra l&#8217;altro ci sono gi\u00e0 i <a href=\"http:\/\/www.youtube.com\/watch?v=P4oJhxaBbLQ&amp;list=PLkXEuesOQgj4Xt-pm0u--7z7ujiK1vxTv&amp;feature=plcp\" target=\"_blank\">video<\/a> degl&#8217;interventi grazie a <a href=\"http:\/\/www.unicaradio.it\/\" target=\"_blank\">UnicaRadio<\/a>.<\/p>\n<p><a href=\"http:\/\/kalb.it\/simone\/wp-content\/uploads\/2012\/11\/550708_379932135425538_1647728137_n.jpg\"><img loading=\"lazy\" class=\"alignleft size-thumbnail wp-image-207\" title=\"Makers Italy\" src=\"http:\/\/kalb.it\/simone\/wp-content\/uploads\/2012\/11\/550708_379932135425538_1647728137_n-150x150.jpg\" alt=\"\" width=\"150\" height=\"150\" \/><\/a><\/p>\n<p><strong>Secondo<\/strong>: a Milano proprio nei giorni del mio rientro (dal 9 all&#8217;11 Novembre) si \u00e8 tenuta <a href=\"http:\/\/www.makersitaly.it\/\" target=\"_blank\">Makers Italy<\/a>, la prima conferenza italiana per i makers.<\/p>\n<p>Da tenere sott&#8217;occhio per l&#8217;anno prossimo, anche se ho visto questa foto e quest&#8217;anno sembra sia andata molto bene. Molto figa, sulla scia della <a href=\"http:\/\/makerfaire.com\/\">Make Faire<\/a>.<\/p>\n<p>Per dire, c&#8217;era anche <a href=\"http:\/\/josefprusa.cz\/\" target=\"_blank\">Josef Prusa<\/a>, che se non sapete chi \u00e8 vi consiglio di leggere <a href=\"http:\/\/reprap.org\/wiki\/Prusa\" target=\"_blank\">questo<\/a>.<\/p>\n<p><strong><a href=\"http:\/\/kalb.it\/simone\/wp-content\/uploads\/2012\/11\/games-week-2012.jpeg\"><img loading=\"lazy\" class=\"alignright  wp-image-201\" title=\"games-week-2012\" src=\"http:\/\/kalb.it\/simone\/wp-content\/uploads\/2012\/11\/games-week-2012.jpeg\" alt=\"\" width=\"334\" height=\"216\" srcset=\"https:\/\/kalb.it\/simone\/wp-content\/uploads\/2012\/11\/games-week-2012.jpeg 557w, https:\/\/kalb.it\/simone\/wp-content\/uploads\/2012\/11\/games-week-2012-300x193.jpeg 300w, https:\/\/kalb.it\/simone\/wp-content\/uploads\/2012\/11\/games-week-2012-464x300.jpeg 464w\" sizes=\"(max-width: 334px) 100vw, 334px\" \/><\/a>Terzo<\/strong>: in contemporanea a Makers Italy si \u00e8 tenuta la Milano Games Week, patrocinata da tanti grandi attori tra cui il carissimo <a href=\"http:\/\/www.indievault.it\">IndieVault<\/a>. Tra i vari interventi, tutti molto interessanti, spiccano quelli della manifestazione <a href=\"http:\/\/www.gamesweek.it\/gamesweek2012\/igds\/\">IGDS<\/a> (ossia Italian Games Developer Summit) che d\u00e0 spazio agli sviluppatori, indie e non, di videogiochi in Italia con workshop, tutorial e amenit\u00e0 varie.<\/p>\n<p>Potete leggere un <a href=\"http:\/\/www.indievault.it\/2012\/11\/13\/igds-2012-levento-in-breve-e-un-po-di-foto\/\" target=\"_blank\">riassunto<\/a> della manifestazione e di <a href=\"http:\/\/www.indievault.it\/2012\/11\/13\/igds-2012-i-7-insegnamenti-di-steve-jobs-da-completare\/\" target=\"_blank\">qualche intervento<\/a> sul sito di IndieVault. E questo \u00e8 quanto per ci\u00f2 che concerne gli eventi.<\/p>\n<p><strong>Quarto<\/strong>: nella sede di <a href=\"http:\/\/www.h-farmventures.com\/it\/\" target=\"_blank\">H-Farm<\/a> si svolge e forse qualcuno \u00e8 ancora in tempo per registrarsi e andare il <a href=\"http:\/\/venezia.codemotion.it\/\" target=\"_blank\">Codemotion<\/a> di Venezia, che si svolge il 17\/11.<\/p>\n<p><strong><a href=\"http:\/\/kalb.it\/simone\/wp-content\/uploads\/2012\/11\/scirarindi.jpeg\"><img loading=\"lazy\" class=\"alignleft  wp-image-202\" title=\"scirarindi\" src=\"http:\/\/kalb.it\/simone\/wp-content\/uploads\/2012\/11\/scirarindi.jpeg\" alt=\"\" width=\"134\" height=\"190\" srcset=\"https:\/\/kalb.it\/simone\/wp-content\/uploads\/2012\/11\/scirarindi.jpeg 320w, https:\/\/kalb.it\/simone\/wp-content\/uploads\/2012\/11\/scirarindi-211x300.jpeg 211w\" sizes=\"(max-width: 134px) 100vw, 134px\" \/><\/a>Quinto<\/strong>: a livello locale, cio\u00e8 se vivete in Sardegna, questo weekend si svolge il secondo feestival &#8220;<a href=\"http:\/\/www.scirarindi.org\" target=\"_blank\">Scirarindi<\/a>&#8220;. <a href=\"http:\/\/www.scirarindi.org\/scirarindi\/?q=node\/6372\" target=\"_blank\">Qui<\/a> trovate il programma. Non ha granch\u00e9 a che fare con la tecnologia, anzi \u00e8 incentrato sulla salute ed il benessere psico-fisico della persona, tramite l&#8217;alimentazione biologica, la meditazione e queste cose molto new-age. Comunque vi consiglio di farci un saltino se siete da quelle parti, sabato 16 e domenica 17 Novembre. <a href=\"https:\/\/www.google.it\/search?q=Fiera+di+Cagliari&amp;oq=Fiera+di+Cagliari&amp;aqs=chrome.0.57&amp;sugexp=chrome,mod=19&amp;sourceid=chrome&amp;ie=UTF-8\" target=\"_blank\">Fiera di Cagliari<\/a>.<\/p>\n<p>Infine per la serie &#8220;Facciamoci finanziare&#8221; \u00e8 appena scaduto il bando &#8220;<a href=\"http:\/\/www.che-fare.com\/\" target=\"_blank\">Che Fare<\/a>&#8221; che finanzia con \u20ac 100.000 un progetto che favorisca la collaborazione.<br \/>\nLo so, arrivo tardi, ma vi ho gi\u00e0 detto che ero in vacanza.<\/p>\n<p>Ne possiamo riparlare l&#8217;anno prossimo&#8230;e poi se avete fretta e una buona idea, c&#8217;\u00e8 sempre <a href=\"http:\/\/www.eppela.it\" target=\"_blank\">Eppela<\/a>,\u00a0la risposta italiana a <a href=\"http:\/\/www.kickstarter.com\" target=\"_blank\">Kickstarter<\/a>.<\/p>\n<p>Buon rientro.<br \/>\nQuest&#8217;anno c&#8217;\u00e8 molto da fare e molto da vedere.<br \/>\nIn bocca al lupo.<\/p>\n","protected":false},"excerpt":{"rendered":"<p>Sono stato a lungo lontano dalla tastiera. Effettivamente sono stato abbastanza occupato (si dice sempre cos\u00ec ma non \u00e8 mai vero, poca voglia di scrivere). In realt\u00e0 ero in ferie e le ferie sono sacre, come le vacche in India. &hellip; <a href=\"https:\/\/kalb.it\/simone\/2012\/11\/incontri\/\">Continue reading <span class=\"meta-nav\">&rarr;<\/span><\/a><\/p>\n","protected":false},"author":1,"featured_media":0,"comment_status":"open","ping_status":"open","sticky":false,"template":"","format":"standard","meta":[],"categories":[53,3],"tags":[54,56,57,55,58],"_links":{"self":[{"href":"https:\/\/kalb.it\/simone\/wp-json\/wp\/v2\/posts\/171"}],"collection":[{"href":"https:\/\/kalb.it\/simone\/wp-json\/wp\/v2\/posts"}],"about":[{"href":"https:\/\/kalb.it\/simone\/wp-json\/wp\/v2\/types\/post"}],"author":[{"embeddable":true,"href":"https:\/\/kalb.it\/simone\/wp-json\/wp\/v2\/users\/1"}],"replies":[{"embeddable":true,"href":"https:\/\/kalb.it\/simone\/wp-json\/wp\/v2\/comments?post=171"}],"version-history":[{"count":26,"href":"https:\/\/kalb.it\/simone\/wp-json\/wp\/v2\/posts\/171\/revisions"}],"predecessor-version":[{"id":443,"href":"https:\/\/kalb.it\/simone\/wp-json\/wp\/v2\/posts\/171\/revisions\/443"}],"wp:attachment":[{"href":"https:\/\/kalb.it\/simone\/wp-json\/wp\/v2\/media?parent=171"}],"wp:term":[{"taxonomy":"category","embeddable":true,"href":"https:\/\/kalb.it\/simone\/wp-json\/wp\/v2\/categories?post=171"},{"taxonomy":"post_tag","embeddable":true,"href":"https:\/\/kalb.it\/simone\/wp-json\/wp\/v2\/tags?post=171"}],"curies":[{"name":"wp","href":"https:\/\/api.w.org\/{rel}","templated":true}]}}